{"html":"\n\n\t<div class=\"news-item typo\">\n\t\t\n\t\t<div class=\"news-item-image\">\n\t\t\t<a href=\"\/sl\/novice\/2026\/junij\/sprehodite-se-med-svetovi-arneja-hodalica\/\" tabindex=\"-1\">\n\t\t\t\t<figure>\n\t\t\t\t\t<img src=\"\/assets\/Uploads\/_resampled\/FillWyI3MDAiLCI3MDAiXQ\/A.Hodalic-Med-svetovi-2.7.26-foto-Domen-Pal-lo-23.jpg\" alt=\"A.Hodalic Med svetovi, Foto: Domen Pal\">\n\t\t\t\t<\/figure>\n\t\t\t<\/a>\n\t\t<\/div>\n\t\t\n\t\t<div class=\"news-item-content typo global-element-padding\">\n\t\t\t<div class=\"news-item-info\">\n\t\t\t\t<h2 class=\"h3\"><a href=\"\/sl\/novice\/2026\/junij\/sprehodite-se-med-svetovi-arneja-hodalica\/\">Sprehodite se med svetovi Arneja Hodali\u010da<\/a><\/h2>\n\t\t\t\t<date>03. jul 2026<\/date>\n\t\t\t<\/div>\n\t\t\t<div class=\"news-item-intro\">\n\t\t\t\t<p>V\u010deraj smo odprli fotografsko razstavo priznanega fotografa Arneja Hodali\u010da Med svetovi, ki obiskovalce popelje skozi izjemne vizualne pripovedi o ljudeh, kulturah in krajih z vseh koncev sveta. Razstava bo v Palaciju in Stanovski dvorani na ogled do 30. avgusta 2026.<\/p>\n\t\t\t\t<a class=\"news-read-more\" href=\"\/sl\/novice\/2026\/junij\/sprehodite-se-med-svetovi-arneja-hodalica\/\" tabindex=\"-1\">\n\t\t\t\t\t<img src=\"mysite\/images\/icon-orange-arrow-right-outline.svg\" alt=\"\" aria-hidden=\"true\">\n\t\t\t\t\t<span class=\"visuallyhidden\">Sprehodite se med svetovi Arneja Hodali\u010da<\/span>\n\t\t\t\t<\/a>\n\t\t\t<\/div>\n\t\t<\/div>\n\t<\/div>\n\n\t<div class=\"news-item typo\">\n\t\t\n\t\t<div class=\"news-item-image\">\n\t\t\t<a href=\"\/sl\/novice\/2026\/junij\/cas-je-za-film-pod-zvezdami-2026\/\" tabindex=\"-1\">\n\t\t\t\t<figure>\n\t\t\t\t\t<img src=\"\/assets\/Uploads\/_resampled\/FillWyI3MDAiLCI3MDAiXQ\/1200x600-nova-kreativa-FILM.jpg\" alt=\"Film pod zvezdami\">\n\t\t\t\t<\/figure>\n\t\t\t<\/a>\n\t\t<\/div>\n\t\t\n\t\t<div class=\"news-item-content typo global-element-padding\">\n\t\t\t<div class=\"news-item-info\">\n\t\t\t\t<h2 class=\"h3\"><a href=\"\/sl\/novice\/2026\/junij\/cas-je-za-film-pod-zvezdami-2026\/\">\u010cas je za Film pod zvezdami 2026<\/a><\/h2>\n\t\t\t\t<date>24. jun 2026<\/date>\n\t\t\t<\/div>\n\t\t\t<div class=\"news-item-intro\">\n\t\t\t\t<p>Med 9. julijem in 1. avgustom bo Grajsko dvori\u0161\u010de znova za\u017eivelo kot eno naj\u010darobnej\u0161ih filmskih prizori\u0161\u010d na prostem v prestolnici. Z dana\u0161njim dnem za\u010detek prodaje vstopnic.<\/p>\n\t\t\t\t<a class=\"news-read-more\" href=\"\/sl\/novice\/2026\/junij\/cas-je-za-film-pod-zvezdami-2026\/\" tabindex=\"-1\">\n\t\t\t\t\t<img src=\"mysite\/images\/icon-orange-arrow-right-outline.svg\" alt=\"\" aria-hidden=\"true\">\n\t\t\t\t\t<span class=\"visuallyhidden\">\u010cas je za Film pod zvezdami 2026<\/span>\n\t\t\t\t<\/a>\n\t\t\t<\/div>\n\t\t<\/div>\n\t<\/div>\n\n\t<div class=\"news-item typo\">\n\t\t\n\t\t<div class=\"news-item-image\">\n\t\t\t<a href=\"\/sl\/novice\/2026\/junij\/krona-nad-mestom-na-grajskem-dvoriscu-pod-zvezdnim-nebom\/\" tabindex=\"-1\">\n\t\t\t\t<figure>\n\t\t\t\t\t<img src=\"\/assets\/Uploads\/_resampled\/FillWyI3MDAiLCI3MDAiXQ\/1200pxMMC-Krona-nad-mestom.jpg\" alt=\"\">\n\t\t\t\t<\/figure>\n\t\t\t<\/a>\n\t\t<\/div>\n\t\t\n\t\t<div class=\"news-item-content typo global-element-padding\">\n\t\t\t<div class=\"news-item-info\">\n\t\t\t\t<h2 class=\"h3\"><a href=\"\/sl\/novice\/2026\/junij\/krona-nad-mestom-na-grajskem-dvoriscu-pod-zvezdnim-nebom\/\">Krona nad mestom na Grajskem dvori\u0161\u010du pod zvezdnim nebom<\/a><\/h2>\n\t\t\t\t<date>23. jun 2026<\/date>\n\t\t\t<\/div>\n\t\t\t<div class=\"news-item-intro\">\n\t\t\t\t<p>Zagotovite si brezpla\u010dne vstopnice za ogled dokumentarnega filma o eni najve\u010djih arhitekturnih preobrazb v Sloveniji.<\/p>\n\t\t\t\t<a class=\"news-read-more\" href=\"\/sl\/novice\/2026\/junij\/krona-nad-mestom-na-grajskem-dvoriscu-pod-zvezdnim-nebom\/\" tabindex=\"-1\">\n\t\t\t\t\t<img src=\"mysite\/images\/icon-orange-arrow-right-outline.svg\" alt=\"\" aria-hidden=\"true\">\n\t\t\t\t\t<span class=\"visuallyhidden\">Krona nad mestom na Grajskem dvori\u0161\u010du pod zvezdnim nebom<\/span>\n\t\t\t\t<\/a>\n\t\t\t<\/div>\n\t\t<\/div>\n\t<\/div>\n\n\t<div class=\"news-item typo\">\n\t\t\n\t\t<div class=\"news-item-image\">\n\t\t\t<a href=\"\/sl\/novice\/2026\/junij\/med-obrambo-in-trgovino-grad-simbol-mesta-ljubljane\/\" tabindex=\"-1\">\n\t\t\t\t<figure>\n\t\t\t\t\t<img src=\"\/assets\/Uploads\/_resampled\/FillWyI3MDAiLCI3MDAiXQ\/1400pxF.-Tadej-Hrzenjak-Tominc-1.JPG\" alt=\"\">\n\t\t\t\t<\/figure>\n\t\t\t<\/a>\n\t\t<\/div>\n\t\t\n\t\t<div class=\"news-item-content typo global-element-padding\">\n\t\t\t<div class=\"news-item-info\">\n\t\t\t\t<h2 class=\"h3\"><a href=\"\/sl\/novice\/2026\/junij\/med-obrambo-in-trgovino-grad-simbol-mesta-ljubljane\/\">Med obrambo in trgovino: Grad, simbol mesta Ljubljane<\/a><\/h2>\n\t\t\t\t<date>12. jun 2026<\/date>\n\t\t\t<\/div>\n\t\t\t<div class=\"news-item-intro\">\n\t\t\t\t<p>V Zakladnici Mestnega muzeja Ljubljana odpirajo razstavo o zgodovini arheolo\u0161kih raziskav na obmo\u010dju Ljubljanskega gradu <\/p>\n\t\t\t\t<a class=\"news-read-more\" href=\"\/sl\/novice\/2026\/junij\/med-obrambo-in-trgovino-grad-simbol-mesta-ljubljane\/\" tabindex=\"-1\">\n\t\t\t\t\t<img src=\"mysite\/images\/icon-orange-arrow-right-outline.svg\" alt=\"\" aria-hidden=\"true\">\n\t\t\t\t\t<span class=\"visuallyhidden\">Med obrambo in trgovino: Grad, simbol mesta Ljubljane<\/span>\n\t\t\t\t<\/a>\n\t\t\t<\/div>\n\t\t<\/div>\n\t<\/div>\n\n\t<div class=\"news-item typo\">\n\t\t\n\t\t<div class=\"news-item-image\">\n\t\t\t<a href=\"\/sl\/novice\/2026\/junij\/odkrijte-sledi-preteklosti-na-ljubljanskem-gradu-od-arheoloske-najdbe-do-igre-po-sledeh-srednjeveskih-namiznih-iger\/\" tabindex=\"-1\">\n\t\t\t\t<figure>\n\t\t\t\t\t<img src=\"\/assets\/Uploads\/_resampled\/FillWyI3MDAiLCI3MDAiXQ\/1400pxF.-Hana-Elikan-Longo.jpg\" alt=\"\u0160ahovska figura. Foto: Hana Elikan Longo\">\n\t\t\t\t<\/figure>\n\t\t\t<\/a>\n\t\t<\/div>\n\t\t\n\t\t<div class=\"news-item-content typo global-element-padding\">\n\t\t\t<div class=\"news-item-info\">\n\t\t\t\t<h2 class=\"h3\"><a href=\"\/sl\/novice\/2026\/junij\/odkrijte-sledi-preteklosti-na-ljubljanskem-gradu-od-arheoloske-najdbe-do-igre-po-sledeh-srednjeveskih-namiznih-iger\/\">Odkrijte sledi preteklosti na Ljubljanskem gradu: Od arheolo\u0161ke najdbe do igre \u2013 po sledeh srednjeve\u0161kih namiznih iger<\/a><\/h2>\n\t\t\t\t<date>09. jun 2026<\/date>\n\t\t\t<\/div>\n\t\t\t<div class=\"news-item-intro\">\n\t\t\t\t<p>Arheolo\u0161ke najdbe niso le ostanki preteklosti, temve\u010d pripovedujejo zgodbe o ljudeh, njihovem vsakdanjem \u017eivljenju, zabavi in medsebojnih odnosih. Tudi drobna figurica lahko razkrije svet, ki je pred stoletji o\u017eivljal grajske prostore.<\/p>\n\t\t\t\t<a class=\"news-read-more\" href=\"\/sl\/novice\/2026\/junij\/odkrijte-sledi-preteklosti-na-ljubljanskem-gradu-od-arheoloske-najdbe-do-igre-po-sledeh-srednjeveskih-namiznih-iger\/\" tabindex=\"-1\">\n\t\t\t\t\t<img src=\"mysite\/images\/icon-orange-arrow-right-outline.svg\" alt=\"\" aria-hidden=\"true\">\n\t\t\t\t\t<span class=\"visuallyhidden\">Odkrijte sledi preteklosti na Ljubljanskem gradu: Od arheolo\u0161ke najdbe do igre \u2013 po sledeh srednjeve\u0161kih namiznih iger<\/span>\n\t\t\t\t<\/a>\n\t\t\t<\/div>\n\t\t<\/div>\n\t<\/div>\n\n\t<div class=\"news-item typo\">\n\t\t\n\t\t<div class=\"news-item-image\">\n\t\t\t<a href=\"\/sl\/novice\/2026\/junij\/fragmenti-spominov-na-ogled-v-galeriji-s\/\" tabindex=\"-1\">\n\t\t\t\t<figure>\n\t\t\t\t\t<img src=\"\/assets\/Uploads\/_resampled\/FillWyI3MDAiLCI3MDAiXQ\/1400pxH.Karim-3.6.26-foto-M.Mally-hi-res-15.JPG\" alt=\"Odprtje razstave Hane Karim: Fragmenti spominov. Foto: Miha Mally\">\n\t\t\t\t<\/figure>\n\t\t\t<\/a>\n\t\t<\/div>\n\t\t\n\t\t<div class=\"news-item-content typo global-element-padding\">\n\t\t\t<div class=\"news-item-info\">\n\t\t\t\t<h2 class=\"h3\"><a href=\"\/sl\/novice\/2026\/junij\/fragmenti-spominov-na-ogled-v-galeriji-s\/\">Fragmenti spominov na ogled v Galeriji \u00bbS\u00ab<\/a><\/h2>\n\t\t\t\t<date>04. jun 2026<\/date>\n\t\t\t<\/div>\n\t\t\t<div class=\"news-item-intro\">\n\t\t\t\t<p>Z razstavo kerami\u010dnih slik in objektov se predstavlja Hana Karim.<\/p>\n\t\t\t\t<a class=\"news-read-more\" href=\"\/sl\/novice\/2026\/junij\/fragmenti-spominov-na-ogled-v-galeriji-s\/\" tabindex=\"-1\">\n\t\t\t\t\t<img src=\"mysite\/images\/icon-orange-arrow-right-outline.svg\" alt=\"\" aria-hidden=\"true\">\n\t\t\t\t\t<span class=\"visuallyhidden\">Fragmenti spominov na ogled v Galeriji \u00bbS\u00ab<\/span>\n\t\t\t\t<\/a>\n\t\t\t<\/div>\n\t\t<\/div>\n\t<\/div>\n\n\t<div class=\"news-item typo\">\n\t\t\n\t\t<div class=\"news-item-image\">\n\t\t\t<a href=\"\/sl\/novice\/2026\/junij\/ta-konec-tedna-se-lahko-ustavite-v-grajski-bralnici-in-prisluhnite-grajskim-piskacem\/\" tabindex=\"-1\">\n\t\t\t\t<figure>\n\t\t\t\t\t<img src=\"\/assets\/Uploads\/_resampled\/FillWyI3MDAiLCI3MDAiXQ\/1400x780px20240607-122458.jpg\" alt=\"Grajska bralnica. Foto: arhiv LG\">\n\t\t\t\t<\/figure>\n\t\t\t<\/a>\n\t\t<\/div>\n\t\t\n\t\t<div class=\"news-item-content typo global-element-padding\">\n\t\t\t<div class=\"news-item-info\">\n\t\t\t\t<h2 class=\"h3\"><a href=\"\/sl\/novice\/2026\/junij\/ta-konec-tedna-se-lahko-ustavite-v-grajski-bralnici-in-prisluhnite-grajskim-piskacem\/\">Ta konec tedna se lahko ustavite v grajski bralnici in prisluhnite grajskim piska\u010dem <\/a><\/h2>\n\t\t\t\t<date>03. jun 2026<\/date>\n\t\t\t<\/div>\n\t\t\t<div class=\"news-item-intro\">\n\t\t\t\t<p>V objem grajskih zidov se med junijem in septembrom vra\u010da bralnica, na Razgledni stop pa piska\u010di<\/p>\n\t\t\t\t<a class=\"news-read-more\" href=\"\/sl\/novice\/2026\/junij\/ta-konec-tedna-se-lahko-ustavite-v-grajski-bralnici-in-prisluhnite-grajskim-piskacem\/\" tabindex=\"-1\">\n\t\t\t\t\t<img src=\"mysite\/images\/icon-orange-arrow-right-outline.svg\" alt=\"\" aria-hidden=\"true\">\n\t\t\t\t\t<span class=\"visuallyhidden\">Ta konec tedna se lahko ustavite v grajski bralnici in prisluhnite grajskim piska\u010dem <\/span>\n\t\t\t\t<\/a>\n\t\t\t<\/div>\n\t\t<\/div>\n\t<\/div>\n\n\t<div class=\"news-item typo\">\n\t\t\n\t\t<div class=\"news-item-image\">\n\t\t\t<a href=\"\/sl\/novice\/2026\/maj\/letos-se-pridruzujemo-plecnikovemu-dnevu\/\" tabindex=\"-1\">\n\t\t\t\t<figure>\n\t\t\t\t\t<img src=\"\/assets\/Uploads\/_resampled\/FillWyI3MDAiLCI3MDAiXQ\/PD-2026-1500x1000-V2.png\" alt=\"\">\n\t\t\t\t<\/figure>\n\t\t\t<\/a>\n\t\t<\/div>\n\t\t\n\t\t<div class=\"news-item-content typo global-element-padding\">\n\t\t\t<div class=\"news-item-info\">\n\t\t\t\t<h2 class=\"h3\"><a href=\"\/sl\/novice\/2026\/maj\/letos-se-pridruzujemo-plecnikovemu-dnevu\/\">Letos se pridru\u017eujemo Ple\u010dnikovemu dnevu<\/a><\/h2>\n\t\t\t\t<date>19. maj 2026<\/date>\n\t\t\t<\/div>\n\t\t\t<div class=\"news-item-intro\">\n\t\t\t\t<p>Ple\u010dnikov dan 2026: igrivo in ustvarjalno po mojstrovem mestu<\/p>\n\t\t\t\t<a class=\"news-read-more\" href=\"\/sl\/novice\/2026\/maj\/letos-se-pridruzujemo-plecnikovemu-dnevu\/\" tabindex=\"-1\">\n\t\t\t\t\t<img src=\"mysite\/images\/icon-orange-arrow-right-outline.svg\" alt=\"\" aria-hidden=\"true\">\n\t\t\t\t\t<span class=\"visuallyhidden\">Letos se pridru\u017eujemo Ple\u010dnikovemu dnevu<\/span>\n\t\t\t\t<\/a>\n\t\t\t<\/div>\n\t\t<\/div>\n\t<\/div>\n\n\t<div class=\"news-item typo\">\n\t\t\n\t\t<div class=\"news-item-image\">\n\t\t\t<a href=\"\/sl\/novice\/2026\/maj\/poletno-pocitnisko-varstvo-na-gradu\/\" tabindex=\"-1\">\n\t\t\t\t<figure>\n\t\t\t\t\t<img src=\"\/assets\/Uploads\/_resampled\/FillWyI3MDAiLCI3MDAiXQ\/1200x800pxIMG-20191029-111709.jpg\" alt=\"Poletno po\u010ditni\u0161ko varstvo na Ljubljanskem gradu. Foto: arhiv LG\">\n\t\t\t\t<\/figure>\n\t\t\t<\/a>\n\t\t<\/div>\n\t\t\n\t\t<div class=\"news-item-content typo global-element-padding\">\n\t\t\t<div class=\"news-item-info\">\n\t\t\t\t<h2 class=\"h3\"><a href=\"\/sl\/novice\/2026\/maj\/poletno-pocitnisko-varstvo-na-gradu\/\">Poletno po\u010ditni\u0161ko varstvo na gradu<\/a><\/h2>\n\t\t\t\t<date>18. maj 2026<\/date>\n\t\t\t<\/div>\n\t\t\t<div class=\"news-item-intro\">\n\t\t\t\t<p>Se spra\u0161ujete, kako otrokom popestriti poletne dni? Naj pre\u017eivijo nepozabne poletne po\u010ditnice za mogo\u010dnimi grajskimi zidovi!<\/p>\n\t\t\t\t<a class=\"news-read-more\" href=\"\/sl\/novice\/2026\/maj\/poletno-pocitnisko-varstvo-na-gradu\/\" tabindex=\"-1\">\n\t\t\t\t\t<img src=\"mysite\/images\/icon-orange-arrow-right-outline.svg\" alt=\"\" aria-hidden=\"true\">\n\t\t\t\t\t<span class=\"visuallyhidden\">Poletno po\u010ditni\u0161ko varstvo na gradu<\/span>\n\t\t\t\t<\/a>\n\t\t\t<\/div>\n\t\t<\/div>\n\t<\/div>\n\n\t<div class=\"news-item typo\">\n\t\t\n\t\t<div class=\"news-item-image\">\n\t\t\t<a href=\"\/sl\/novice\/2026\/maj\/odprli-smo-razstavo-zuzelke-med-znanostjo-in-domisljijo\/\" tabindex=\"-1\">\n\t\t\t\t<figure>\n\t\t\t\t\t<img src=\"\/assets\/Uploads\/_resampled\/FillWyI3MDAiLCI3MDAiXQ\/1400pxZuzelke-hi-res-4.JPG\" alt=\"\u017du\u017eelke med znanostjo in domi\u0161ljijo. Foto: Miha Mally\">\n\t\t\t\t<\/figure>\n\t\t\t<\/a>\n\t\t<\/div>\n\t\t\n\t\t<div class=\"news-item-content typo global-element-padding\">\n\t\t\t<div class=\"news-item-info\">\n\t\t\t\t<h2 class=\"h3\"><a href=\"\/sl\/novice\/2026\/maj\/odprli-smo-razstavo-zuzelke-med-znanostjo-in-domisljijo\/\">Odprli smo razstavo \u017du\u017eelke med znanostjo in domi\u0161ljijo<\/a><\/h2>\n\t\t\t\t<date>14. maj 2026<\/date>\n\t\t\t<\/div>\n\t\t\t<div class=\"news-item-intro\">\n\t\t\t\t<p>V Peterokotnem stolpu smo sino\u010di odprli skupinsko razstavo ilustracij \u017du\u017eelke med znanostjo in domi\u0161ljijo, ki obiskovalce vabi v raznolik svet podob, kjer se prepletata umetnost in opazovanje narave. Razstava bo na ogled do 13. septembra 2026.<\/p>\n\t\t\t\t<a class=\"news-read-more\" href=\"\/sl\/novice\/2026\/maj\/odprli-smo-razstavo-zuzelke-med-znanostjo-in-domisljijo\/\" tabindex=\"-1\">\n\t\t\t\t\t<img src=\"mysite\/images\/icon-orange-arrow-right-outline.svg\" alt=\"\" aria-hidden=\"true\">\n\t\t\t\t\t<span class=\"visuallyhidden\">Odprli smo razstavo \u017du\u017eelke med znanostjo in domi\u0161ljijo<\/span>\n\t\t\t\t<\/a>\n\t\t\t<\/div>\n\t\t<\/div>\n\t<\/div>\n\n\n\n\n","NextLink":"\/sl\/novice\/nextNews?year=&page=3","IsMore":true}